{"id":591,"date":"2022-06-16T12:22:02","date_gmt":"2022-06-16T10:22:02","guid":{"rendered":"https:\/\/korpiselka.fi\/?p=591"},"modified":"2022-06-16T12:25:28","modified_gmt":"2022-06-16T10:25:28","slug":"kevattapahtuma-kokosi-vakea","status":"publish","type":"post","link":"https:\/\/korpiselka.fi\/?p=591","title":{"rendered":"KEV\u00c4TTAPAHTUMA KOKOSI V\u00c4KE\u00c4"},"content":{"rendered":"\n<figure class=\"wp-block-image size-large\"><a href=\"https:\/\/korpiselka.fi\/wp-content\/uploads\/2022\/06\/Kylien-kevat-tapahtuma.jpg\"><img loading=\"lazy\" decoding=\"async\" width=\"724\" height=\"1024\" src=\"https:\/\/korpiselka.fi\/wp-content\/uploads\/2022\/06\/Kylien-kevat-tapahtuma-724x1024.jpg\" alt=\"\" class=\"wp-image-592\" srcset=\"https:\/\/korpiselka.fi\/wp-content\/uploads\/2022\/06\/Kylien-kevat-tapahtuma-724x1024.jpg 724w, https:\/\/korpiselka.fi\/wp-content\/uploads\/2022\/06\/Kylien-kevat-tapahtuma-212x300.jpg 212w, https:\/\/korpiselka.fi\/wp-content\/uploads\/2022\/06\/Kylien-kevat-tapahtuma-768x1086.jpg 768w, https:\/\/korpiselka.fi\/wp-content\/uploads\/2022\/06\/Kylien-kevat-tapahtuma-1086x1536.jpg 1086w, https:\/\/korpiselka.fi\/wp-content\/uploads\/2022\/06\/Kylien-kevat-tapahtuma.jpg 1240w\" sizes=\"auto, (max-width: 724px) 100vw, 724px\" \/><\/a><\/figure>\n\n\n\n<div style=\"height:34px\" aria-hidden=\"true\" class=\"wp-block-spacer\"><\/div>\n\n\n\n<h2 class=\"wp-block-heading\">Kylien kev\u00e4ttapahtuma Saarivaarassa.<\/h2>\n\n\n\n<p>Korpisel\u00e4n pit\u00e4j\u00e4seuran ja Saarivaaran nuorisoseuran j\u00e4rjest\u00e4m\u00e4 kev\u00e4ttapahtuma toukokuun lopussa Saarivaarassa innosti mukaan runsaasti osallistujia. <\/p>\n\n\n\n<p>L\u00e4hes 60 hengen joukolla kuultiin nuorisoseura Sarastuksen puheenjohtajan Teuvo Nissisen kertomana kuulumisia, runonlausuntaa esitti Anja Muranen ja runonlaulua Lea Tajakka. <\/p>\n\n\n\n<p>Yhteislaulua laulettiin Jaakko Jeskasen ohjaamana ja kahvittelun lis\u00e4ksi ohjelmassa oli perinteist\u00e4 kyl\u00e4ohjelmaa: Eila Ronkainen veti tietokilpailua, runsaiden arpajaispalkintojen my\u00f6t\u00e4 arvat k\u00e4viv\u00e4t hyvin kaupaksi, ulkona paistettiin makkaraa, heitettiin tikkaa ja pelattiin m\u00f6lkky\u00e4.<\/p>\n\n\n\n<p>Kokoontumisiin pitk\u00e4\u00e4n vaikuttaneen korona-ajan helpottaessa kyl\u00e4juhlille oli ilmiselv\u00e4\u00e4 tarvetta ja j\u00e4rjest\u00e4vien seurojen yhteisty\u00f6n\u00e4 tapahtumaa oli antoisa viett\u00e4\u00e4.<\/p>\n\n\n\n<div style=\"height:41px\" aria-hidden=\"true\" class=\"wp-block-spacer\"><\/div>\n\n\n\n<h3 class=\"wp-block-heading\">Hannu Pankan kuvia kev\u00e4ttapahtumasta. <\/h3>\n\n\n\n<figure class=\"wp-block-gallery has-nested-images columns-1 is-cropped wp-block-gallery-1 is-layout-flex wp-block-gallery-is-layout-flex\">\n<figure class=\"wp-block-image size-large\"><a href=\"https:\/\/korpiselka.fi\/wp-content\/uploads\/2022\/06\/Tilaisuuden-avaus-1.jpg\"><img loading=\"lazy\" decoding=\"async\" width=\"1024\" height=\"768\" data-id=\"688\" src=\"https:\/\/korpiselka.fi\/wp-content\/uploads\/2022\/06\/Tilaisuuden-avaus-1-1024x768.jpg\" alt=\"\" class=\"wp-image-688\" srcset=\"https:\/\/korpiselka.fi\/wp-content\/uploads\/2022\/06\/Tilaisuuden-avaus-1-1024x768.jpg 1024w, https:\/\/korpiselka.fi\/wp-content\/uploads\/2022\/06\/Tilaisuuden-avaus-1-300x225.jpg 300w, https:\/\/korpiselka.fi\/wp-content\/uploads\/2022\/06\/Tilaisuuden-avaus-1-768x576.jpg 768w, https:\/\/korpiselka.fi\/wp-content\/uploads\/2022\/06\/Tilaisuuden-avaus-1-1536x1152.jpg 1536w, https:\/\/korpiselka.fi\/wp-content\/uploads\/2022\/06\/Tilaisuuden-avaus-1.jpg 1824w\" sizes=\"auto, (max-width: 1024px) 100vw, 1024px\" \/><\/a><figcaption><em>Tilaisuuden avaus<\/em><\/figcaption><\/figure>\n\n\n\n<figure class=\"wp-block-image size-large\"><a href=\"https:\/\/korpiselka.fi\/wp-content\/uploads\/2022\/06\/Tietopkilpailu-2-1.jpg\"><img loading=\"lazy\" decoding=\"async\" width=\"1024\" height=\"768\" data-id=\"686\" src=\"https:\/\/korpiselka.fi\/wp-content\/uploads\/2022\/06\/Tietopkilpailu-2-1-1024x768.jpg\" alt=\"\" class=\"wp-image-686\" srcset=\"https:\/\/korpiselka.fi\/wp-content\/uploads\/2022\/06\/Tietopkilpailu-2-1-1024x768.jpg 1024w, https:\/\/korpiselka.fi\/wp-content\/uploads\/2022\/06\/Tietopkilpailu-2-1-300x225.jpg 300w, https:\/\/korpiselka.fi\/wp-content\/uploads\/2022\/06\/Tietopkilpailu-2-1-768x576.jpg 768w, https:\/\/korpiselka.fi\/wp-content\/uploads\/2022\/06\/Tietopkilpailu-2-1-1536x1152.jpg 1536w, https:\/\/korpiselka.fi\/wp-content\/uploads\/2022\/06\/Tietopkilpailu-2-1.jpg 1824w\" sizes=\"auto, (max-width: 1024px) 100vw, 1024px\" \/><\/a><figcaption><em>Arvanmyynti\u00e4<\/em><\/figcaption><\/figure>\n\n\n\n<figure class=\"wp-block-image size-large\"><a href=\"https:\/\/korpiselka.fi\/wp-content\/uploads\/2022\/06\/Palkinnot-1.jpg\"><img loading=\"lazy\" decoding=\"async\" width=\"1024\" height=\"768\" data-id=\"689\" src=\"https:\/\/korpiselka.fi\/wp-content\/uploads\/2022\/06\/Palkinnot-1-1024x768.jpg\" alt=\"\" class=\"wp-image-689\" srcset=\"https:\/\/korpiselka.fi\/wp-content\/uploads\/2022\/06\/Palkinnot-1-1024x768.jpg 1024w, https:\/\/korpiselka.fi\/wp-content\/uploads\/2022\/06\/Palkinnot-1-300x225.jpg 300w, https:\/\/korpiselka.fi\/wp-content\/uploads\/2022\/06\/Palkinnot-1-768x576.jpg 768w, https:\/\/korpiselka.fi\/wp-content\/uploads\/2022\/06\/Palkinnot-1-1536x1152.jpg 1536w, https:\/\/korpiselka.fi\/wp-content\/uploads\/2022\/06\/Palkinnot-1.jpg 1824w\" sizes=\"auto, (max-width: 1024px) 100vw, 1024px\" \/><\/a><figcaption><em>Palkintojen jako<\/em><\/figcaption><\/figure>\n<\/figure>\n\n\n\n<figure class=\"wp-block-gallery has-nested-images columns-1 is-cropped wp-block-gallery-2 is-layout-flex wp-block-gallery-is-layout-flex\">\n<figure class=\"wp-block-image size-large\"><a href=\"https:\/\/korpiselka.fi\/wp-content\/uploads\/2022\/06\/Odotellaan.jpg\"><img loading=\"lazy\" decoding=\"async\" width=\"1024\" height=\"768\" data-id=\"691\" src=\"https:\/\/korpiselka.fi\/wp-content\/uploads\/2022\/06\/Odotellaan-1024x768.jpg\" alt=\"\" class=\"wp-image-691\" srcset=\"https:\/\/korpiselka.fi\/wp-content\/uploads\/2022\/06\/Odotellaan-1024x768.jpg 1024w, https:\/\/korpiselka.fi\/wp-content\/uploads\/2022\/06\/Odotellaan-300x225.jpg 300w, https:\/\/korpiselka.fi\/wp-content\/uploads\/2022\/06\/Odotellaan-768x576.jpg 768w, https:\/\/korpiselka.fi\/wp-content\/uploads\/2022\/06\/Odotellaan-1536x1152.jpg 1536w, https:\/\/korpiselka.fi\/wp-content\/uploads\/2022\/06\/Odotellaan.jpg 1824w\" sizes=\"auto, (max-width: 1024px) 100vw, 1024px\" \/><\/a><figcaption><em>Odotellaan yhteislaulun alkamista<\/em><\/figcaption><\/figure>\n\n\n\n<figure class=\"wp-block-image size-large\"><a href=\"https:\/\/korpiselka.fi\/wp-content\/uploads\/2022\/06\/Molkkykilpailu.jpg\"><img loading=\"lazy\" decoding=\"async\" width=\"1024\" height=\"768\" data-id=\"692\" src=\"https:\/\/korpiselka.fi\/wp-content\/uploads\/2022\/06\/Molkkykilpailu-1024x768.jpg\" alt=\"\" class=\"wp-image-692\" srcset=\"https:\/\/korpiselka.fi\/wp-content\/uploads\/2022\/06\/Molkkykilpailu-1024x768.jpg 1024w, https:\/\/korpiselka.fi\/wp-content\/uploads\/2022\/06\/Molkkykilpailu-300x225.jpg 300w, https:\/\/korpiselka.fi\/wp-content\/uploads\/2022\/06\/Molkkykilpailu-768x576.jpg 768w, https:\/\/korpiselka.fi\/wp-content\/uploads\/2022\/06\/Molkkykilpailu-1536x1152.jpg 1536w, https:\/\/korpiselka.fi\/wp-content\/uploads\/2022\/06\/Molkkykilpailu.jpg 1824w\" sizes=\"auto, (max-width: 1024px) 100vw, 1024px\" \/><\/a><figcaption><em>M\u00f6lkynheittoa<\/em><\/figcaption><\/figure>\n<\/figure>\n","protected":false},"excerpt":{"rendered":"<p>Kylien kev\u00e4ttapahtuma Saarivaarassa. Korpisel\u00e4n pit\u00e4j\u00e4seuran ja Saarivaaran nuorisoseuran j\u00e4rjest\u00e4m\u00e4 kev\u00e4ttapahtuma toukokuun lopussa Saarivaarassa innosti mukaan runsaasti osallistujia. L\u00e4hes 60 hengen joukolla kuultiin nuorisoseura Sarastuksen puheenjohtajan Teuvo Nissisen kertomana kuulumisia, runonlausuntaa esitti Anja Muranen ja runonlaulua Lea Tajakka. Yhteislaulua laulettiin Jaakko Jeskasen ohjaamana ja kahvittelun lis\u00e4ksi ohjelmassa oli perinteist\u00e4 kyl\u00e4ohjelmaa: Eila Ronkainen veti tietokilpailua, runsaiden arpajaispalkintojen [&hellip;]<\/p>\n","protected":false},"author":7,"featured_media":692,"comment_status":"closed","ping_status":"closed","sticky":false,"template":"","format":"standard","meta":{"footnotes":""},"categories":[1],"tags":[],"class_list":["post-591","post","type-post","status-publish","format-standard","has-post-thumbnail","hentry","category-uncategorized"],"_links":{"self":[{"href":"https:\/\/korpiselka.fi\/index.php?rest_route=\/wp\/v2\/posts\/591","targetHints":{"allow":["GET"]}}],"collection":[{"href":"https:\/\/korpiselka.fi\/index.php?rest_route=\/wp\/v2\/posts"}],"about":[{"href":"https:\/\/korpiselka.fi\/index.php?rest_route=\/wp\/v2\/types\/post"}],"author":[{"embeddable":true,"href":"https:\/\/korpiselka.fi\/index.php?rest_route=\/wp\/v2\/users\/7"}],"replies":[{"embeddable":true,"href":"https:\/\/korpiselka.fi\/index.php?rest_route=%2Fwp%2Fv2%2Fcomments&post=591"}],"version-history":[{"count":9,"href":"https:\/\/korpiselka.fi\/index.php?rest_route=\/wp\/v2\/posts\/591\/revisions"}],"predecessor-version":[{"id":697,"href":"https:\/\/korpiselka.fi\/index.php?rest_route=\/wp\/v2\/posts\/591\/revisions\/697"}],"wp:featuredmedia":[{"embeddable":true,"href":"https:\/\/korpiselka.fi\/index.php?rest_route=\/wp\/v2\/media\/692"}],"wp:attachment":[{"href":"https:\/\/korpiselka.fi\/index.php?rest_route=%2Fwp%2Fv2%2Fmedia&parent=591"}],"wp:term":[{"taxonomy":"category","embeddable":true,"href":"https:\/\/korpiselka.fi\/index.php?rest_route=%2Fwp%2Fv2%2Fcategories&post=591"},{"taxonomy":"post_tag","embeddable":true,"href":"https:\/\/korpiselka.fi\/index.php?rest_route=%2Fwp%2Fv2%2Ftags&post=591"}],"curies":[{"name":"wp","href":"https:\/\/api.w.org\/{rel}","templated":true}]}}